{"id":3672,"date":"2021-11-30T17:14:21","date_gmt":"2021-11-30T16:14:21","guid":{"rendered":"https:\/\/www.saldavinci.it\/?p=3672"},"modified":"2021-11-30T17:14:21","modified_gmt":"2021-11-30T16:14:21","slug":"conferenza-stampa-la-fabbrica-dei-sogni-al-teatro-cilea","status":"publish","type":"post","link":"https:\/\/saldavinci.it\/index.php\/2021\/11\/30\/conferenza-stampa-la-fabbrica-dei-sogni-al-teatro-cilea\/","title":{"rendered":"CONFERENZA STAMPA \u201cLA FABBRICA DEI SOGNI\u201d AL TEATRO CILEA"},"content":{"rendered":"\t<section class=\"section\" id=\"section_940574672\">\n\t\t<div class=\"bg section-bg fill bg-fill  bg-loaded\" >\n\n\t\t\t\n\t\t\t\n\t\t\t\n\n\t\t<\/div>\n\n\t\t<div class=\"section-content relative\">\n\t\t\t\n<div class=\"row align-middle align-center\"  id=\"row-2002826962\">\n\n\t<div id=\"col-1494078977\" class=\"col small-12 large-12\"  >\n\t\t<div class=\"col-inner\"  >\n\t\t\t\n\t\t\t\n<p style=\"text-align: center;\"><strong>Teatro\u00a0<em>Cilea: dal 2 dicembre in scena \u201cLa Fabbrica dei sogni\u201d con Sal Da Vinci e Fatima Trotta. Uno dei pi\u00f9 entusiasmanti musical in grande stile americano<\/em><\/strong><\/p>\n<p style=\"text-align: center;\">Sabato 27 novembre si \u00e8 svolta la conferenza stampa di uno dei musical pi\u00f9 attesi in Teatro \u201cLa fabbrica dei Sogni\u201d che dopo aver registrato il tutto esaurito nella stagione pre-covid, Sal da Vinci porter\u00e0 in scena dal 2 al 19 dicembre al Teatro Cilea di Napoli.<\/p>\n<p style=\"text-align: center;\">Lo spettacolo ideato e diretto dallo stesso Sal Da Vinci con Ciro Villano e che dopo la tappa di Napoli proseguir\u00e0 il tour nazionale nei pi\u00f9 grandi ed importanti Teatri di tutta Italia porter\u00e0 sul palcoscenico un fantastico musical in grande stile americano con nuove canzoni, nuovi costumi rispetto all\u2019edizione precedente e coinvolger\u00e0 pi\u00f9 di 50 persone tra attori e attrici, ballerini e ballerine, e grandi professionisti del dietro le quinte che daranno vita ogni sera ad un vero e proprio evento, fatto di luci, musica, danza ma soprattutto fatto di una grande spirito di amicizia, di complicit\u00e0, di grande unione di tutto il cast impegnato nello spettacolo stesso.<\/p>\n<p style=\"text-align: center;\">Questa stessa atmosfera si \u00e8 potuta assaporare sin dai primi momenti della conferenza stessa visto non solo l\u2019emozione di poter ricominciare a recitare, cantare e ballare in \u00a0un grande spettacolo come \u201cla Fabbrica dei sogni\u201d ma anche quella di far parte di un gruppo affiatatissimo, che come ricordato dagli stessi attori che compongono il cast, che ha preparato questo spettacolo in un\u2019atmosfera di grande complicit\u00e0, divertendosi prendendosi goliardicamente in giro ma anche \u00a0impegnandosi completamente affinch\u00e9 arrivi al pubblico il desiderio di poter tornare sulle scene con un grandissimo spettacolo come ormai da tanti anni ci ha abituato a vedere ed ascoltare un grande Artista come sa esserlo Sal Da Vinci.<\/p>\n<div class=\"wp-block-jetpack-slideshow aligncenter\" style=\"text-align: center;\" data-effect=\"slide\" data-jetpack-block-initialized=\"true\">\n<div class=\"wp-block-jetpack-slideshow_container swiper-container swiper-container-initialized swiper-container-horizontal swiper-container-pointer-events wp-swiper-initialized\">\n<figure><img decoding=\"async\" class=\"wp-block-jetpack-slideshow_image wp-image-18542 aligncenter\" src=\"https:\/\/aroundmusiceventscom.files.wordpress.com\/2021\/11\/sal-da-vincvi_napoli_c2a9spectrafoto_2021_02.jpg?w=1024\" sizes=\"(max-width: 1024px) 100vw, 1024px\" srcset=\"https:\/\/aroundmusiceventscom.files.wordpress.com\/2021\/11\/sal-da-vincvi_napoli_c2a9spectrafoto_2021_02.jpg?w=1024 1024w, https:\/\/aroundmusiceventscom.files.wordpress.com\/2021\/11\/sal-da-vincvi_napoli_c2a9spectrafoto_2021_02.jpg?w=150 150w, https:\/\/aroundmusiceventscom.files.wordpress.com\/2021\/11\/sal-da-vincvi_napoli_c2a9spectrafoto_2021_02.jpg?w=300 300w, https:\/\/aroundmusiceventscom.files.wordpress.com\/2021\/11\/sal-da-vincvi_napoli_c2a9spectrafoto_2021_02.jpg?w=768 768w, https:\/\/aroundmusiceventscom.files.wordpress.com\/2021\/11\/sal-da-vincvi_napoli_c2a9spectrafoto_2021_02.jpg 1600w\" alt=\"\" data-id=\"18542\" \/><\/figure>\n<\/div>\n<\/div>\n<p style=\"text-align: center;\">Con una forte emozione, dopo aver dato un piccolo assaggio di quello che sar\u00e0 lo spettacolo stesso con un\u2019applauditissima anticipazione in anteprima alla stampa presente, Sal Da Vinci, visibilmente emozionato ha annunciato non solo le novit\u00e0 di questa nuova edizione, ma soprattutto ringraziato tutti i suoi compagni di palco, iniziando da Ciro Villano che ha scritto con lui i testi del musical, e con il quale ha dato prova di un grande affiatamento e di una grande complicit\u00e0, per poi presentare via via tutti gli altri componenti della compagnia come Fatima Trotta, Ettore Massa, Daniela Cenciotti, Enzo Fischetti, Federica Celio, e tutti i giovani attori e professionisti che si sono formati presso il Cilea Academy la scuola delle arti performative del Teatro Cilea.\u00a0<\/p>\n<p style=\"text-align: center;\">La conferenza \u00e8 stata un altro piccolo \u201cassaggio\u201d della complicit\u00e0 e di unione di tutto il cast, oltre della meravigliosa atmosfera che si riesce a percepire in un gruppo cosi affiatato che non vede l \u2018ora di poter finalmente tornare alla normalit\u00e0. Ogni attore e attrice ha presentato il proprio personaggio oltre a farsi prendere e prendere a propria volta in giro tutti gli altri componenti del cast, oltre a rispondere con grande generosit\u00e0 e disponibilit\u00e0 alle domande del pubblico in una sorta di grande abbraccio tra cast e pubblico. \u00a0<\/p>\n<p style=\"text-align: center;\"><strong>Lo spettacolo, che segue l\u2019esempio dei musical americani in grande stile, racconta la storia di un cantautore dimenticato dal mondo,<\/strong>\u00a0che vive in un manicomio abbandonato e fatiscente prossimo alla demolizione. Eppure, \u00e8 quella la sua casa, il luogo in cui \u00e8 cresciuto e in cui hanno preso vita le canzoni che lui immaginava un giorno di cantare in un teatro vero. \u00c8 un artista \u201cpazzo\u201d, un sognatore, che immagina di trasformare le vecchie mura in cui abita in una casa di cura che possa accogliere i reietti della societ\u00e0 e dar loro la possibilit\u00e0 di realizzare le loro aspirazioni: dar vita a un teatro in cui portare in scena i loro racconti. In questo progetto folle e pieno di straordinaria umanit\u00e0, fa capolino un agente di polizia; incaricato dello sfratto della struttura, si lascia invece coinvolgere dai sogni dell\u2019artista, diventando complice di una storia incredibile.<\/p>\n<div class=\"wp-block-jetpack-slideshow aligncenter\" style=\"text-align: center;\" data-effect=\"slide\" data-jetpack-block-initialized=\"true\">\n<div class=\"wp-block-jetpack-slideshow_container swiper-container swiper-container-initialized swiper-container-horizontal swiper-container-pointer-events wp-swiper-initialized\">\n<figure><img decoding=\"async\" class=\"wp-block-jetpack-slideshow_image wp-image-18578 aligncenter\" src=\"https:\/\/aroundmusiceventscom.files.wordpress.com\/2021\/11\/sal-da-vincvi_napoli_c2a9spectrafoto_2021_37.jpg?w=1024\" sizes=\"(max-width: 1024px) 100vw, 1024px\" srcset=\"https:\/\/aroundmusiceventscom.files.wordpress.com\/2021\/11\/sal-da-vincvi_napoli_c2a9spectrafoto_2021_37.jpg?w=1024 1024w, https:\/\/aroundmusiceventscom.files.wordpress.com\/2021\/11\/sal-da-vincvi_napoli_c2a9spectrafoto_2021_37.jpg?w=150 150w, https:\/\/aroundmusiceventscom.files.wordpress.com\/2021\/11\/sal-da-vincvi_napoli_c2a9spectrafoto_2021_37.jpg?w=300 300w, https:\/\/aroundmusiceventscom.files.wordpress.com\/2021\/11\/sal-da-vincvi_napoli_c2a9spectrafoto_2021_37.jpg?w=768 768w, https:\/\/aroundmusiceventscom.files.wordpress.com\/2021\/11\/sal-da-vincvi_napoli_c2a9spectrafoto_2021_37.jpg 1500w\" alt=\"\" data-id=\"18578\" \/><\/figure>\n<\/div>\n<\/div>\n<p style=\"text-align: center;\">\u00c8 quindi una favola nella favola che sicuramente conquister\u00e0 il cuore del pubblico che, siamo sicuri, accorrer\u00e0 numerosissimo al Teatro Cilea per poter applaudire tutto il cast impegnato nello spettacolo.<\/p>\n<p style=\"text-align: center;\">\u00a0La direzione artistica e la coreografia sono a cura di Marcello e Mommo Sacchetta, la direzione musicale e gli arrangiamenti sono di Adriano Pennino, la supervisione artistica \u00e8 di Lello Arena.<\/p>\n<p style=\"text-align: center;\">\u00a0Sal Da Vinci presenter\u00e0, in anteprima, le canzoni inedite che saranno presenti nel suo nuovo disco, di prossima uscita.<\/p>\n<p style=\"text-align: center;\"><em><strong>Per info e prenotazioni:<\/strong><\/em><em>\u00a00817141801 \/ 0817141508<\/em><br \/><em><strong>Circuito di vendita online:<\/strong><\/em>\u00a0<em>www.teatrocilea.it<\/em><br \/><em>Prezzi biglietti: dai 28\u20ac ai 38\u20ac \u2013 info al Botteghino del Teatro<\/em><\/p>\n<p style=\"text-align: center;\"><em>Fonte: aroundeventi.com<\/em><\/p>\n\t\t<\/div>\n\t\t\t<\/div>\n\n\t\n<\/div>\n\t\t<\/div>\n\n\t\t\n<style>\n#section_940574672 {\n  padding-top: 30px;\n  padding-bottom: 30px;\n}\n<\/style>\n\t<\/section>\n\t\n","protected":false},"excerpt":{"rendered":"","protected":false},"author":1,"featured_media":3151,"comment_status":"closed","ping_status":"closed","sticky":false,"template":"","format":"standard","meta":{"footnotes":""},"categories":[3],"tags":[],"class_list":["post-3672","post","type-post","status-publish","format-standard","has-post-thumbnail","hentry","category-news"],"_links":{"self":[{"href":"https:\/\/saldavinci.it\/index.php\/wp-json\/wp\/v2\/posts\/3672","targetHints":{"allow":["GET"]}}],"collection":[{"href":"https:\/\/saldavinci.it\/index.php\/wp-json\/wp\/v2\/posts"}],"about":[{"href":"https:\/\/saldavinci.it\/index.php\/wp-json\/wp\/v2\/types\/post"}],"author":[{"embeddable":true,"href":"https:\/\/saldavinci.it\/index.php\/wp-json\/wp\/v2\/users\/1"}],"replies":[{"embeddable":true,"href":"https:\/\/saldavinci.it\/index.php\/wp-json\/wp\/v2\/comments?post=3672"}],"version-history":[{"count":0,"href":"https:\/\/saldavinci.it\/index.php\/wp-json\/wp\/v2\/posts\/3672\/revisions"}],"wp:featuredmedia":[{"embeddable":true,"href":"https:\/\/saldavinci.it\/index.php\/wp-json\/wp\/v2\/media\/3151"}],"wp:attachment":[{"href":"https:\/\/saldavinci.it\/index.php\/wp-json\/wp\/v2\/media?parent=3672"}],"wp:term":[{"taxonomy":"category","embeddable":true,"href":"https:\/\/saldavinci.it\/index.php\/wp-json\/wp\/v2\/categories?post=3672"},{"taxonomy":"post_tag","embeddable":true,"href":"https:\/\/saldavinci.it\/index.php\/wp-json\/wp\/v2\/tags?post=3672"}],"curies":[{"name":"wp","href":"https:\/\/api.w.org\/{rel}","templated":true}]}}